{"id":683,"date":"2019-10-29T13:43:34","date_gmt":"2019-10-29T12:43:34","guid":{"rendered":"http:\/\/l2fa.fr\/?p=683"},"modified":"2020-02-27T16:22:56","modified_gmt":"2020-02-27T15:22:56","slug":"22-vla-lile-de-france","status":"publish","type":"post","link":"https:\/\/l2fa.fr\/index.php\/2019\/10\/29\/22-vla-lile-de-france\/","title":{"rendered":"22 V&rsquo;la l&rsquo;Ile de France !!"},"content":{"rendered":"\n<p>Retour sur la 10\u00e8me \u00e9dition du Junior Bowl qui a eu lieu le weekend du 26 et 27 Octobre 2019.<\/p>\n\n\n\n<!--more-->\n\n\n\n<p>Exceptionnellement cette ann\u00e9e, il n&rsquo;y a eu qu&rsquo;une \u00e9quipe pour l&rsquo;Ile de France compos\u00e9 de 33 joueurs issus de tous les clubs franciliens.<br>Et il faut dire qu&rsquo;au vu des r\u00e9sultats l&rsquo;alchimie a tr\u00e8s bien fonctionn\u00e9 !<\/p>\n\n\n\n<p>Apr\u00e8s un voyage de 7 heures suite aux bouchons sur la route le vendredi, nos jeunes ont de suite \u00e9t\u00e9 mis dans le bain par les coachs de l&rsquo;ETR en arrivant \u00e0 Vichy. Meeting vid\u00e9o et pr\u00e9paration au programme de cette 1\u00e8re soir\u00e9e dans l&rsquo;Allier.<\/p>\n\n\n\n<p>Puis samedi, il a fallu \u00eatre matinal pour \u00eatre pr\u00eat \u00e0 passer une journ\u00e9e marathon. 3 matchs de pr\u00e9vu ! <br>Le 1er \u00e0 9h45 l&rsquo;IDF a affronter l&rsquo;\u00e9quipe NORD (Equipe compos\u00e9e des r\u00e9gions Hauts de France et Grand Est). <br>Et nos franciliens n&rsquo;ont pas fait dans la dentelle avec une victoire 6 TD \u00e0 0 !<\/p>\n\n\n\n<figure class=\"wp-block-image\"><img loading=\"lazy\" decoding=\"async\" width=\"1024\" height=\"683\" src=\"http:\/\/l2fa.fr\/wp-content\/uploads\/2019\/10\/48969957988_1f9e0b8287_o-1024x683.jpg\" alt=\"\" class=\"wp-image-684\" srcset=\"https:\/\/l2fa.fr\/wp-content\/uploads\/2019\/10\/48969957988_1f9e0b8287_o.jpg 1024w, https:\/\/l2fa.fr\/wp-content\/uploads\/2019\/10\/48969957988_1f9e0b8287_o-300x200.jpg 300w, https:\/\/l2fa.fr\/wp-content\/uploads\/2019\/10\/48969957988_1f9e0b8287_o-768x512.jpg 768w, https:\/\/l2fa.fr\/wp-content\/uploads\/2019\/10\/48969957988_1f9e0b8287_o-128x85.jpg 128w, https:\/\/l2fa.fr\/wp-content\/uploads\/2019\/10\/48969957988_1f9e0b8287_o-32x21.jpg 32w\" sizes=\"(max-width: 1024px) 100vw, 1024px\" \/><figcaption>IDF vs NORD<\/figcaption><\/figure>\n\n\n\n<p>Puis un second match l&rsquo;apr\u00e8s-midi face \u00e0 l&rsquo;\u00e9quipe OUEST (Equipe compos\u00e9e des r\u00e9gions Normandie, Centre Val de Loire, Bretagne et Pays de la Loire). Face \u00e0 de rugueux adversaires qui nous avaient battu l&rsquo;an dernier battu au U16 Bowl, nos franciliens se sont impos\u00e9s 1 TD \u00e0 0.<\/p>\n\n\n\n<figure class=\"wp-block-image\"><img loading=\"lazy\" decoding=\"async\" width=\"1024\" height=\"683\" src=\"http:\/\/l2fa.fr\/wp-content\/uploads\/2019\/10\/48970832062_64fa47477e_o-1024x683.jpg\" alt=\"\" class=\"wp-image-686\" srcset=\"https:\/\/l2fa.fr\/wp-content\/uploads\/2019\/10\/48970832062_64fa47477e_o.jpg 1024w, https:\/\/l2fa.fr\/wp-content\/uploads\/2019\/10\/48970832062_64fa47477e_o-300x200.jpg 300w, https:\/\/l2fa.fr\/wp-content\/uploads\/2019\/10\/48970832062_64fa47477e_o-768x512.jpg 768w, https:\/\/l2fa.fr\/wp-content\/uploads\/2019\/10\/48970832062_64fa47477e_o-128x85.jpg 128w, https:\/\/l2fa.fr\/wp-content\/uploads\/2019\/10\/48970832062_64fa47477e_o-32x21.jpg 32w\" sizes=\"(max-width: 1024px) 100vw, 1024px\" \/><figcaption>IDF vs OUEST<\/figcaption><\/figure>\n\n\n\n<p>Puis il a fallu encha\u00eener avec une derni\u00e8re rencontre face \u00e0 l&rsquo;\u00e9quipe d&rsquo;Occitanie. Mais nos jeunes athl\u00e8tes ont r\u00e9ussi un 3\/3 avec une victoire 2TD \u00e0 0.<br>Puis vint la bonne nouvelle du jour avec l&rsquo;annonce des pr\u00e9-s\u00e9lectionn\u00e9s pour l&rsquo;\u00e9quipe de France&#8230;.<\/p>\n\n\n\n<figure class=\"wp-block-image\"><img loading=\"lazy\" decoding=\"async\" width=\"1024\" height=\"683\" src=\"http:\/\/l2fa.fr\/wp-content\/uploads\/2019\/10\/48970848347_06779ce87f_o-1024x683.jpg\" alt=\"\" class=\"wp-image-687\" srcset=\"https:\/\/l2fa.fr\/wp-content\/uploads\/2019\/10\/48970848347_06779ce87f_o.jpg 1024w, https:\/\/l2fa.fr\/wp-content\/uploads\/2019\/10\/48970848347_06779ce87f_o-300x200.jpg 300w, https:\/\/l2fa.fr\/wp-content\/uploads\/2019\/10\/48970848347_06779ce87f_o-768x512.jpg 768w, https:\/\/l2fa.fr\/wp-content\/uploads\/2019\/10\/48970848347_06779ce87f_o-128x85.jpg 128w, https:\/\/l2fa.fr\/wp-content\/uploads\/2019\/10\/48970848347_06779ce87f_o-32x21.jpg 32w\" sizes=\"(max-width: 1024px) 100vw, 1024px\" \/><figcaption>OCCITANIE vs IDF<\/figcaption><\/figure>\n\n\n\n<p>22 !!<br>C&rsquo;est le nombre de nos jeunes qui ont \u00e9t\u00e9 appel\u00e9s par la DTN pour poursuivre leurs r\u00eaves en bleu! 66% de l&rsquo;\u00e9quipe c&rsquo;est du jamais vu en 10 ans !<br>Remerciements aux clubs et aux \u00e9quipes techniques d\u00e9partementales pour leur d\u00e9tection en amont. (CDFA Bowl)<\/p>\n\n\n\n<p>Puis dimanche a eu lieu la finale du Junior Bowl face \u00e0 des adversaires bien connu: PACA.<br>Les organismes des joueurs des deux \u00e9quipes ayant \u00e9t\u00e9 mis \u00e0 rude \u00e9preuve lors de ce weekend, le match s&rsquo;est sold\u00e9 par un score nul et vierge 0-0.<\/p>\n\n\n\n<figure class=\"wp-block-image\"><img loading=\"lazy\" decoding=\"async\" width=\"1024\" height=\"683\" src=\"http:\/\/l2fa.fr\/wp-content\/uploads\/2019\/10\/48970187873_35d0b16be9_o-1024x683.jpg\" alt=\"\" class=\"wp-image-688\" srcset=\"https:\/\/l2fa.fr\/wp-content\/uploads\/2019\/10\/48970187873_35d0b16be9_o.jpg 1024w, https:\/\/l2fa.fr\/wp-content\/uploads\/2019\/10\/48970187873_35d0b16be9_o-300x200.jpg 300w, https:\/\/l2fa.fr\/wp-content\/uploads\/2019\/10\/48970187873_35d0b16be9_o-768x512.jpg 768w, https:\/\/l2fa.fr\/wp-content\/uploads\/2019\/10\/48970187873_35d0b16be9_o-128x85.jpg 128w, https:\/\/l2fa.fr\/wp-content\/uploads\/2019\/10\/48970187873_35d0b16be9_o-32x21.jpg 32w\" sizes=\"(max-width: 1024px) 100vw, 1024px\" \/><figcaption>IDF vs PACA<\/figcaption><\/figure>\n\n\n\n<p>Un grand bravo \u00e0 tout les joueurs de l&rsquo;\u00e9quipe IDF, merci \u00e0 tout le staff de l&rsquo;\u00e9quipe IDF ( ETR : Charles, Arnaud, Kevin, Aadil, Cyril, Roxane, Ost\u00e9opathe: Emma et General Manager: J\u00e9r\u00f4me)<\/p>\n\n\n\n<p>RENDEZ VOUS AU JUNIOR BOWL 2020 !<\/p>\n\n\n\n<figure class=\"wp-block-image\"><img loading=\"lazy\" decoding=\"async\" width=\"1024\" height=\"683\" src=\"http:\/\/l2fa.fr\/wp-content\/uploads\/2019\/10\/48970746251_26d34dc718_o-1024x683.jpg\" alt=\"\" class=\"wp-image-693\" srcset=\"https:\/\/l2fa.fr\/wp-content\/uploads\/2019\/10\/48970746251_26d34dc718_o.jpg 1024w, https:\/\/l2fa.fr\/wp-content\/uploads\/2019\/10\/48970746251_26d34dc718_o-300x200.jpg 300w, https:\/\/l2fa.fr\/wp-content\/uploads\/2019\/10\/48970746251_26d34dc718_o-768x512.jpg 768w, https:\/\/l2fa.fr\/wp-content\/uploads\/2019\/10\/48970746251_26d34dc718_o-128x85.jpg 128w, https:\/\/l2fa.fr\/wp-content\/uploads\/2019\/10\/48970746251_26d34dc718_o-32x21.jpg 32w\" sizes=\"(max-width: 1024px) 100vw, 1024px\" \/><\/figure>\n\n\n\n<p>Cr\u00e9dit Photo: Luke Jaouen<\/p>\n","protected":false},"excerpt":{"rendered":"<p>Retour sur la 10\u00e8me \u00e9dition du Junior Bowl qui a eu lieu le weekend du 26 et 27 Octobre 2019.<\/p>\n","protected":false},"author":1,"featured_media":685,"comment_status":"open","ping_status":"open","sticky":false,"template":"","format":"standard","meta":{"footnotes":""},"categories":[1],"tags":[],"yoast_head":"<!-- This site is optimized with the Yoast SEO plugin v20.1 - https:\/\/yoast.com\/wordpress\/plugins\/seo\/ -->\n<title>22 V&#039;la l&#039;Ile de France !! &mdash; LFFA<\/title>\n<meta name=\"description\" content=\"Site officiel de la Ligue Francilienne de Football Americain.\" \/>\n<meta name=\"robots\" content=\"index, follow, max-snippet:-1, max-image-preview:large, max-video-preview:-1\" \/>\n<link rel=\"canonical\" href=\"http:\/\/l2fa.fr\/index.php\/2019\/10\/29\/22-vla-lile-de-france\/\" \/>\n<meta property=\"og:locale\" content=\"fr_FR\" \/>\n<meta property=\"og:type\" content=\"article\" \/>\n<meta property=\"og:title\" content=\"22 V&#039;la l&#039;Ile de France !! &mdash; LFFA\" \/>\n<meta property=\"og:description\" content=\"Site officiel de la Ligue Francilienne de Football Americain.\" \/>\n<meta property=\"og:url\" content=\"http:\/\/l2fa.fr\/index.php\/2019\/10\/29\/22-vla-lile-de-france\/\" \/>\n<meta property=\"og:site_name\" content=\"LFFA\" \/>\n<meta property=\"article:publisher\" content=\"https:\/\/www.facebook.com\/ETR-LFFA-1671643706485112\/\" \/>\n<meta property=\"article:published_time\" content=\"2019-10-29T12:43:34+00:00\" \/>\n<meta property=\"article:modified_time\" content=\"2020-02-27T15:22:56+00:00\" \/>\n<meta property=\"og:image\" content=\"http:\/\/l2fa.fr\/wp-content\/uploads\/2019\/10\/48970591196_aa38cddfaf_o.jpg\" \/>\n\t<meta property=\"og:image:width\" content=\"1024\" \/>\n\t<meta property=\"og:image:height\" content=\"683\" \/>\n\t<meta property=\"og:image:type\" content=\"image\/jpeg\" \/>\n<meta name=\"author\" content=\"lffaadmin\" \/>\n<meta name=\"twitter:card\" content=\"summary_large_image\" \/>\n<meta name=\"twitter:label1\" content=\"\u00c9crit par\" \/>\n\t<meta name=\"twitter:data1\" content=\"lffaadmin\" \/>\n\t<meta name=\"twitter:label2\" content=\"Dur\u00e9e de lecture estim\u00e9e\" \/>\n\t<meta name=\"twitter:data2\" content=\"2 minutes\" \/>\n<script type=\"application\/ld+json\" class=\"yoast-schema-graph\">{\"@context\":\"https:\/\/schema.org\",\"@graph\":[{\"@type\":\"Article\",\"@id\":\"http:\/\/l2fa.fr\/index.php\/2019\/10\/29\/22-vla-lile-de-france\/#article\",\"isPartOf\":{\"@id\":\"http:\/\/l2fa.fr\/index.php\/2019\/10\/29\/22-vla-lile-de-france\/\"},\"author\":{\"name\":\"lffaadmin\",\"@id\":\"https:\/\/l2fa.fr\/#\/schema\/person\/ec7e6810623729a4a2d9e333938e8685\"},\"headline\":\"22 V&rsquo;la l&rsquo;Ile de France !!\",\"datePublished\":\"2019-10-29T12:43:34+00:00\",\"dateModified\":\"2020-02-27T15:22:56+00:00\",\"mainEntityOfPage\":{\"@id\":\"http:\/\/l2fa.fr\/index.php\/2019\/10\/29\/22-vla-lile-de-france\/\"},\"wordCount\":401,\"commentCount\":0,\"publisher\":{\"@id\":\"https:\/\/l2fa.fr\/#organization\"},\"inLanguage\":\"fr-FR\",\"potentialAction\":[{\"@type\":\"CommentAction\",\"name\":\"Comment\",\"target\":[\"http:\/\/l2fa.fr\/index.php\/2019\/10\/29\/22-vla-lile-de-france\/#respond\"]}]},{\"@type\":\"WebPage\",\"@id\":\"http:\/\/l2fa.fr\/index.php\/2019\/10\/29\/22-vla-lile-de-france\/\",\"url\":\"http:\/\/l2fa.fr\/index.php\/2019\/10\/29\/22-vla-lile-de-france\/\",\"name\":\"22 V'la l'Ile de France !! &mdash; LFFA\",\"isPartOf\":{\"@id\":\"https:\/\/l2fa.fr\/#website\"},\"datePublished\":\"2019-10-29T12:43:34+00:00\",\"dateModified\":\"2020-02-27T15:22:56+00:00\",\"description\":\"Site officiel de la Ligue Francilienne de Football Americain.\",\"breadcrumb\":{\"@id\":\"http:\/\/l2fa.fr\/index.php\/2019\/10\/29\/22-vla-lile-de-france\/#breadcrumb\"},\"inLanguage\":\"fr-FR\",\"potentialAction\":[{\"@type\":\"ReadAction\",\"target\":[\"http:\/\/l2fa.fr\/index.php\/2019\/10\/29\/22-vla-lile-de-france\/\"]}]},{\"@type\":\"BreadcrumbList\",\"@id\":\"http:\/\/l2fa.fr\/index.php\/2019\/10\/29\/22-vla-lile-de-france\/#breadcrumb\",\"itemListElement\":[{\"@type\":\"ListItem\",\"position\":1,\"name\":\"Accueil\",\"item\":\"https:\/\/l2fa.fr\/\"},{\"@type\":\"ListItem\",\"position\":2,\"name\":\"22 V&rsquo;la l&rsquo;Ile de France !!\"}]},{\"@type\":\"WebSite\",\"@id\":\"https:\/\/l2fa.fr\/#website\",\"url\":\"https:\/\/l2fa.fr\/\",\"name\":\"LFFA\",\"description\":\"Site officiel de la Ligue Francilienne de Football Am\u00e9ricain, de Flag Football et de Cheerleading\",\"publisher\":{\"@id\":\"https:\/\/l2fa.fr\/#organization\"},\"potentialAction\":[{\"@type\":\"SearchAction\",\"target\":{\"@type\":\"EntryPoint\",\"urlTemplate\":\"https:\/\/l2fa.fr\/?s={search_term_string}\"},\"query-input\":\"required name=search_term_string\"}],\"inLanguage\":\"fr-FR\"},{\"@type\":\"Organization\",\"@id\":\"https:\/\/l2fa.fr\/#organization\",\"name\":\"l2fa\",\"url\":\"https:\/\/l2fa.fr\/\",\"logo\":{\"@type\":\"ImageObject\",\"inLanguage\":\"fr-FR\",\"@id\":\"https:\/\/l2fa.fr\/#\/schema\/logo\/image\/\",\"url\":\"http:\/\/l2fa.fr\/wp-content\/uploads\/2019\/05\/logo-LFFA_shadow-e1559319879386.png\",\"contentUrl\":\"http:\/\/l2fa.fr\/wp-content\/uploads\/2019\/05\/logo-LFFA_shadow-e1559319879386.png\",\"width\":500,\"height\":559,\"caption\":\"l2fa\"},\"image\":{\"@id\":\"https:\/\/l2fa.fr\/#\/schema\/logo\/image\/\"},\"sameAs\":[\"https:\/\/www.facebook.com\/ETR-LFFA-1671643706485112\/\"]},{\"@type\":\"Person\",\"@id\":\"https:\/\/l2fa.fr\/#\/schema\/person\/ec7e6810623729a4a2d9e333938e8685\",\"name\":\"lffaadmin\",\"image\":{\"@type\":\"ImageObject\",\"inLanguage\":\"fr-FR\",\"@id\":\"https:\/\/l2fa.fr\/#\/schema\/person\/image\/\",\"url\":\"https:\/\/secure.gravatar.com\/avatar\/bb6e0cb2b74ab796f19c41cd45f19c36?s=96&d=mm&r=g\",\"contentUrl\":\"https:\/\/secure.gravatar.com\/avatar\/bb6e0cb2b74ab796f19c41cd45f19c36?s=96&d=mm&r=g\",\"caption\":\"lffaadmin\"},\"url\":\"https:\/\/l2fa.fr\/index.php\/author\/lffaadmin\/\"}]}<\/script>\n<!-- \/ Yoast SEO plugin. -->","yoast_head_json":{"title":"22 V'la l'Ile de France !! &mdash; LFFA","description":"Site officiel de la Ligue Francilienne de Football Americain.","robots":{"index":"index","follow":"follow","max-snippet":"max-snippet:-1","max-image-preview":"max-image-preview:large","max-video-preview":"max-video-preview:-1"},"canonical":"http:\/\/l2fa.fr\/index.php\/2019\/10\/29\/22-vla-lile-de-france\/","og_locale":"fr_FR","og_type":"article","og_title":"22 V'la l'Ile de France !! &mdash; LFFA","og_description":"Site officiel de la Ligue Francilienne de Football Americain.","og_url":"http:\/\/l2fa.fr\/index.php\/2019\/10\/29\/22-vla-lile-de-france\/","og_site_name":"LFFA","article_publisher":"https:\/\/www.facebook.com\/ETR-LFFA-1671643706485112\/","article_published_time":"2019-10-29T12:43:34+00:00","article_modified_time":"2020-02-27T15:22:56+00:00","og_image":[{"width":1024,"height":683,"url":"http:\/\/l2fa.fr\/wp-content\/uploads\/2019\/10\/48970591196_aa38cddfaf_o.jpg","type":"image\/jpeg"}],"author":"lffaadmin","twitter_card":"summary_large_image","twitter_misc":{"\u00c9crit par":"lffaadmin","Dur\u00e9e de lecture estim\u00e9e":"2 minutes"},"schema":{"@context":"https:\/\/schema.org","@graph":[{"@type":"Article","@id":"http:\/\/l2fa.fr\/index.php\/2019\/10\/29\/22-vla-lile-de-france\/#article","isPartOf":{"@id":"http:\/\/l2fa.fr\/index.php\/2019\/10\/29\/22-vla-lile-de-france\/"},"author":{"name":"lffaadmin","@id":"https:\/\/l2fa.fr\/#\/schema\/person\/ec7e6810623729a4a2d9e333938e8685"},"headline":"22 V&rsquo;la l&rsquo;Ile de France !!","datePublished":"2019-10-29T12:43:34+00:00","dateModified":"2020-02-27T15:22:56+00:00","mainEntityOfPage":{"@id":"http:\/\/l2fa.fr\/index.php\/2019\/10\/29\/22-vla-lile-de-france\/"},"wordCount":401,"commentCount":0,"publisher":{"@id":"https:\/\/l2fa.fr\/#organization"},"inLanguage":"fr-FR","potentialAction":[{"@type":"CommentAction","name":"Comment","target":["http:\/\/l2fa.fr\/index.php\/2019\/10\/29\/22-vla-lile-de-france\/#respond"]}]},{"@type":"WebPage","@id":"http:\/\/l2fa.fr\/index.php\/2019\/10\/29\/22-vla-lile-de-france\/","url":"http:\/\/l2fa.fr\/index.php\/2019\/10\/29\/22-vla-lile-de-france\/","name":"22 V'la l'Ile de France !! &mdash; LFFA","isPartOf":{"@id":"https:\/\/l2fa.fr\/#website"},"datePublished":"2019-10-29T12:43:34+00:00","dateModified":"2020-02-27T15:22:56+00:00","description":"Site officiel de la Ligue Francilienne de Football Americain.","breadcrumb":{"@id":"http:\/\/l2fa.fr\/index.php\/2019\/10\/29\/22-vla-lile-de-france\/#breadcrumb"},"inLanguage":"fr-FR","potentialAction":[{"@type":"ReadAction","target":["http:\/\/l2fa.fr\/index.php\/2019\/10\/29\/22-vla-lile-de-france\/"]}]},{"@type":"BreadcrumbList","@id":"http:\/\/l2fa.fr\/index.php\/2019\/10\/29\/22-vla-lile-de-france\/#breadcrumb","itemListElement":[{"@type":"ListItem","position":1,"name":"Accueil","item":"https:\/\/l2fa.fr\/"},{"@type":"ListItem","position":2,"name":"22 V&rsquo;la l&rsquo;Ile de France !!"}]},{"@type":"WebSite","@id":"https:\/\/l2fa.fr\/#website","url":"https:\/\/l2fa.fr\/","name":"LFFA","description":"Site officiel de la Ligue Francilienne de Football Am\u00e9ricain, de Flag Football et de Cheerleading","publisher":{"@id":"https:\/\/l2fa.fr\/#organization"},"potentialAction":[{"@type":"SearchAction","target":{"@type":"EntryPoint","urlTemplate":"https:\/\/l2fa.fr\/?s={search_term_string}"},"query-input":"required name=search_term_string"}],"inLanguage":"fr-FR"},{"@type":"Organization","@id":"https:\/\/l2fa.fr\/#organization","name":"l2fa","url":"https:\/\/l2fa.fr\/","logo":{"@type":"ImageObject","inLanguage":"fr-FR","@id":"https:\/\/l2fa.fr\/#\/schema\/logo\/image\/","url":"http:\/\/l2fa.fr\/wp-content\/uploads\/2019\/05\/logo-LFFA_shadow-e1559319879386.png","contentUrl":"http:\/\/l2fa.fr\/wp-content\/uploads\/2019\/05\/logo-LFFA_shadow-e1559319879386.png","width":500,"height":559,"caption":"l2fa"},"image":{"@id":"https:\/\/l2fa.fr\/#\/schema\/logo\/image\/"},"sameAs":["https:\/\/www.facebook.com\/ETR-LFFA-1671643706485112\/"]},{"@type":"Person","@id":"https:\/\/l2fa.fr\/#\/schema\/person\/ec7e6810623729a4a2d9e333938e8685","name":"lffaadmin","image":{"@type":"ImageObject","inLanguage":"fr-FR","@id":"https:\/\/l2fa.fr\/#\/schema\/person\/image\/","url":"https:\/\/secure.gravatar.com\/avatar\/bb6e0cb2b74ab796f19c41cd45f19c36?s=96&d=mm&r=g","contentUrl":"https:\/\/secure.gravatar.com\/avatar\/bb6e0cb2b74ab796f19c41cd45f19c36?s=96&d=mm&r=g","caption":"lffaadmin"},"url":"https:\/\/l2fa.fr\/index.php\/author\/lffaadmin\/"}]}},"_links":{"self":[{"href":"https:\/\/l2fa.fr\/index.php\/wp-json\/wp\/v2\/posts\/683"}],"collection":[{"href":"https:\/\/l2fa.fr\/index.php\/wp-json\/wp\/v2\/posts"}],"about":[{"href":"https:\/\/l2fa.fr\/index.php\/wp-json\/wp\/v2\/types\/post"}],"author":[{"embeddable":true,"href":"https:\/\/l2fa.fr\/index.php\/wp-json\/wp\/v2\/users\/1"}],"replies":[{"embeddable":true,"href":"https:\/\/l2fa.fr\/index.php\/wp-json\/wp\/v2\/comments?post=683"}],"version-history":[{"count":6,"href":"https:\/\/l2fa.fr\/index.php\/wp-json\/wp\/v2\/posts\/683\/revisions"}],"predecessor-version":[{"id":1325,"href":"https:\/\/l2fa.fr\/index.php\/wp-json\/wp\/v2\/posts\/683\/revisions\/1325"}],"wp:featuredmedia":[{"embeddable":true,"href":"https:\/\/l2fa.fr\/index.php\/wp-json\/wp\/v2\/media\/685"}],"wp:attachment":[{"href":"https:\/\/l2fa.fr\/index.php\/wp-json\/wp\/v2\/media?parent=683"}],"wp:term":[{"taxonomy":"category","embeddable":true,"href":"https:\/\/l2fa.fr\/index.php\/wp-json\/wp\/v2\/categories?post=683"},{"taxonomy":"post_tag","embeddable":true,"href":"https:\/\/l2fa.fr\/index.php\/wp-json\/wp\/v2\/tags?post=683"}],"curies":[{"name":"wp","href":"https:\/\/api.w.org\/{rel}","templated":true}]}}