{"id":1044,"date":"2020-01-14T14:40:40","date_gmt":"2020-01-14T13:40:40","guid":{"rendered":"http:\/\/l2fa.fr\/?p=1044"},"modified":"2020-02-27T16:26:50","modified_gmt":"2020-02-27T15:26:50","slug":"les-u16-entrent-en-jeu","status":"publish","type":"post","link":"https:\/\/l2fa.fr\/index.php\/2020\/01\/14\/les-u16-entrent-en-jeu\/","title":{"rendered":"Les U16 entrent en jeu !"},"content":{"rendered":"\n<p>Ce weekend d\u00e9bute le championnat pour les U16 franciliens ! Apr\u00e8s une \u00e9dition 2018\/2019 remport\u00e9e en Juin \u00e0 Rosny sous Bois par le Flash de La Courneuve face aux Molosses d&rsquo;Asni\u00e8res sur Seine, qui sera le nouveau champion francilien cette ann\u00e9e?<br>Tour d&rsquo;horizon des forces en pr\u00e9sence.<\/p>\n\n\n\n<!--more-->\n\n\n\n<h2 class=\"wp-block-heading\">Formule 2019\/2020<\/h2>\n\n\n\n<p>Pour cette nouvelle saison, ce sont 7 \u00e9quipes qui participeront au championnat r\u00e9gional francilien. Une poule de 4 et une poule de 3 \u00e9quipes qui vont se rencontrer en match aller-retour. Puis viendra le tour des Playoffs (Wild Card et demi-finale) avec une finale le weekend du 30\/31 Mai 2020.<\/p>\n\n\n\n<div style=\"height:100px\" aria-hidden=\"true\" class=\"wp-block-spacer\"><\/div>\n\n\n\n<h2 class=\"wp-block-heading\"> Pr\u00e9sentation des \u00e9quipes <\/h2>\n\n\n\n<div style=\"height:100px\" aria-hidden=\"true\" class=\"wp-block-spacer\"><\/div>\n\n\n\n<h2 class=\"wp-block-heading\">Cougars<\/h2>\n\n\n\n<p>Demi-finaliste la saison derni\u00e8re en entente avec les Gaulois de Sannois, les U16 Val d&rsquo;Oisien voudront assur\u00e9ment faire aussi bien pour cette nouvelle \u00e9dition !<\/p>\n\n\n\n<div class=\"wp-block-image\"><figure class=\"aligncenter is-resized\"><img loading=\"lazy\" decoding=\"async\" src=\"http:\/\/l2fa.fr\/wp-content\/uploads\/2020\/01\/31944461_10155689825442842_8766705279715770368_o-1-762x1024.jpg\" alt=\"\" class=\"wp-image-1051\" width=\"381\" height=\"512\" srcset=\"https:\/\/l2fa.fr\/wp-content\/uploads\/2020\/01\/31944461_10155689825442842_8766705279715770368_o-1-762x1024.jpg 762w, https:\/\/l2fa.fr\/wp-content\/uploads\/2020\/01\/31944461_10155689825442842_8766705279715770368_o-1-223x300.jpg 223w, https:\/\/l2fa.fr\/wp-content\/uploads\/2020\/01\/31944461_10155689825442842_8766705279715770368_o-1-768x1032.jpg 768w, https:\/\/l2fa.fr\/wp-content\/uploads\/2020\/01\/31944461_10155689825442842_8766705279715770368_o-1-95x128.jpg 95w, https:\/\/l2fa.fr\/wp-content\/uploads\/2020\/01\/31944461_10155689825442842_8766705279715770368_o-1-24x32.jpg 24w, https:\/\/l2fa.fr\/wp-content\/uploads\/2020\/01\/31944461_10155689825442842_8766705279715770368_o-1.jpg 1072w\" sizes=\"(max-width: 381px) 100vw, 381px\" \/><figcaption>   Cr\u00e9dit Photo: Facebook Les Cougars de Saint-Ouen-l&rsquo;Aum\u00f4ne<\/figcaption><\/figure><\/div>\n\n\n\n<div style=\"height:100px\" aria-hidden=\"true\" class=\"wp-block-spacer\"><\/div>\n\n\n\n<h2 class=\"wp-block-heading\">Dragons<\/h2>\n\n\n\n<p>Avec un des plus gros effectif dans cette cat\u00e9gorie, les Parisiens tenteront de se faire une place au soleil en faisant \u00e0 minima aussi bien que la saison pr\u00e9c\u00e9dente o\u00f9 ils ont \u00e9t\u00e9 quart de finaliste.<\/p>\n\n\n\n<div class=\"wp-block-image\"><figure class=\"aligncenter is-resized\"><img loading=\"lazy\" decoding=\"async\" src=\"http:\/\/l2fa.fr\/wp-content\/uploads\/2020\/01\/19665248_1188432074634067_7973318894125573410_n.jpg\" alt=\"\" class=\"wp-image-1048\" width=\"480\" height=\"360\" srcset=\"https:\/\/l2fa.fr\/wp-content\/uploads\/2020\/01\/19665248_1188432074634067_7973318894125573410_n.jpg 960w, https:\/\/l2fa.fr\/wp-content\/uploads\/2020\/01\/19665248_1188432074634067_7973318894125573410_n-300x225.jpg 300w, https:\/\/l2fa.fr\/wp-content\/uploads\/2020\/01\/19665248_1188432074634067_7973318894125573410_n-768x576.jpg 768w, https:\/\/l2fa.fr\/wp-content\/uploads\/2020\/01\/19665248_1188432074634067_7973318894125573410_n-128x96.jpg 128w, https:\/\/l2fa.fr\/wp-content\/uploads\/2020\/01\/19665248_1188432074634067_7973318894125573410_n-32x24.jpg 32w\" sizes=\"(max-width: 480px) 100vw, 480px\" \/><figcaption>  Cr\u00e9dit Photo: Facebook Dragons de Paris &#8211; ASPT 75 &#8211; Football Americain<\/figcaption><\/figure><\/div>\n\n\n\n<div style=\"height:100px\" aria-hidden=\"true\" class=\"wp-block-spacer\"><\/div>\n\n\n\n<h2 class=\"wp-block-heading\">Flash<\/h2>\n\n\n\n<p>Apr\u00e8s avoir \u00e9chou\u00e9 plusieurs fois de suite en finale, le Flash est devenu le champion U16 la saison derni\u00e8re. Les joueurs du coach Charles Surpin auront \u00e0 c\u0153ur de d\u00e9fendre leur titre cette saison !<\/p>\n\n\n\n<div class=\"wp-block-image\"><figure class=\"aligncenter is-resized\"><img loading=\"lazy\" decoding=\"async\" src=\"http:\/\/l2fa.fr\/wp-content\/uploads\/2020\/01\/61696653_1056333041229952_650739922470174720_n.jpg\" alt=\"\" class=\"wp-image-1045\" width=\"450\" height=\"300\" srcset=\"https:\/\/l2fa.fr\/wp-content\/uploads\/2020\/01\/61696653_1056333041229952_650739922470174720_n.jpg 899w, https:\/\/l2fa.fr\/wp-content\/uploads\/2020\/01\/61696653_1056333041229952_650739922470174720_n-300x200.jpg 300w, https:\/\/l2fa.fr\/wp-content\/uploads\/2020\/01\/61696653_1056333041229952_650739922470174720_n-768x513.jpg 768w, https:\/\/l2fa.fr\/wp-content\/uploads\/2020\/01\/61696653_1056333041229952_650739922470174720_n-128x85.jpg 128w, https:\/\/l2fa.fr\/wp-content\/uploads\/2020\/01\/61696653_1056333041229952_650739922470174720_n-32x21.jpg 32w\" sizes=\"(max-width: 450px) 100vw, 450px\" \/><figcaption> Cr\u00e9dit Photo: Facebook Flash La Courneuve<\/figcaption><\/figure><\/div>\n\n\n\n<div style=\"height:100px\" aria-hidden=\"true\" class=\"wp-block-spacer\"><\/div>\n\n\n\n<h2 class=\"wp-block-heading\">M\u00e9t\u00e9ores<\/h2>\n\n\n\n<p>Ancien champion en U16 lorsque le championnat \u00e9tait national et pas encore r\u00e9gional, les joueurs de Fontenay sous Bois feront tout pour regagner ce titre qui leur \u00e9chappe depuis plusieurs saisons.<\/p>\n\n\n\n<div class=\"wp-block-image\"><figure class=\"aligncenter is-resized\"><img loading=\"lazy\" decoding=\"async\" src=\"http:\/\/l2fa.fr\/wp-content\/uploads\/2020\/01\/2013_cadets02.jpg\" alt=\"\" class=\"wp-image-1046\" width=\"484\" height=\"278\" srcset=\"https:\/\/l2fa.fr\/wp-content\/uploads\/2020\/01\/2013_cadets02.jpg 645w, https:\/\/l2fa.fr\/wp-content\/uploads\/2020\/01\/2013_cadets02-300x173.jpg 300w, https:\/\/l2fa.fr\/wp-content\/uploads\/2020\/01\/2013_cadets02-128x74.jpg 128w, https:\/\/l2fa.fr\/wp-content\/uploads\/2020\/01\/2013_cadets02-32x18.jpg 32w\" sizes=\"(max-width: 484px) 100vw, 484px\" \/><figcaption>  Cr\u00e9dit Photo: Site Internet meteores.fr <\/figcaption><\/figure><\/div>\n\n\n\n<div style=\"height:100px\" aria-hidden=\"true\" class=\"wp-block-spacer\"><\/div>\n\n\n\n<h2 class=\"wp-block-heading\">Molosses\/Diables Rouges<\/h2>\n\n\n\n<p>Entente in\u00e9dite entre deux clubs historiques du championnat U16. Les joueurs des Hauts de Seine, finaliste malheureux la saison pr\u00e9c\u00e9dente, et leurs homologues de Seine Saint Denis uniront leurs forces pour chercher la victoire finale en mai !<\/p>\n\n\n\n<figure class=\"wp-block-gallery columns-2 is-cropped wp-block-gallery-1 is-layout-flex wp-block-gallery-is-layout-flex\"><ul class=\"blocks-gallery-grid\"><li class=\"blocks-gallery-item\"><figure><img loading=\"lazy\" decoding=\"async\" width=\"1024\" height=\"533\" src=\"http:\/\/l2fa.fr\/wp-content\/uploads\/2020\/01\/82021121_2616884945208993_4761961001354526720_n-1024x533.jpg\" alt=\"\" data-id=\"1064\" data-link=\"http:\/\/l2fa.fr\/?attachment_id=1064\" class=\"wp-image-1064\" srcset=\"https:\/\/l2fa.fr\/wp-content\/uploads\/2020\/01\/82021121_2616884945208993_4761961001354526720_n-1024x533.jpg 1024w, https:\/\/l2fa.fr\/wp-content\/uploads\/2020\/01\/82021121_2616884945208993_4761961001354526720_n-300x156.jpg 300w, https:\/\/l2fa.fr\/wp-content\/uploads\/2020\/01\/82021121_2616884945208993_4761961001354526720_n-768x400.jpg 768w, https:\/\/l2fa.fr\/wp-content\/uploads\/2020\/01\/82021121_2616884945208993_4761961001354526720_n-128x67.jpg 128w, https:\/\/l2fa.fr\/wp-content\/uploads\/2020\/01\/82021121_2616884945208993_4761961001354526720_n-32x17.jpg 32w, https:\/\/l2fa.fr\/wp-content\/uploads\/2020\/01\/82021121_2616884945208993_4761961001354526720_n.jpg 1147w\" sizes=\"(max-width: 1024px) 100vw, 1024px\" \/><\/figure><\/li><li class=\"blocks-gallery-item\"><figure><img loading=\"lazy\" decoding=\"async\" width=\"960\" height=\"720\" src=\"http:\/\/l2fa.fr\/wp-content\/uploads\/2020\/01\/41445841_1507157509384554_4794258171872935936_n-2.jpg\" alt=\"\" data-id=\"1066\" data-link=\"http:\/\/l2fa.fr\/?attachment_id=1066\" class=\"wp-image-1066\" srcset=\"https:\/\/l2fa.fr\/wp-content\/uploads\/2020\/01\/41445841_1507157509384554_4794258171872935936_n-2.jpg 960w, https:\/\/l2fa.fr\/wp-content\/uploads\/2020\/01\/41445841_1507157509384554_4794258171872935936_n-2-300x225.jpg 300w, https:\/\/l2fa.fr\/wp-content\/uploads\/2020\/01\/41445841_1507157509384554_4794258171872935936_n-2-768x576.jpg 768w, https:\/\/l2fa.fr\/wp-content\/uploads\/2020\/01\/41445841_1507157509384554_4794258171872935936_n-2-128x96.jpg 128w, https:\/\/l2fa.fr\/wp-content\/uploads\/2020\/01\/41445841_1507157509384554_4794258171872935936_n-2-32x24.jpg 32w\" sizes=\"(max-width: 960px) 100vw, 960px\" \/><\/figure><\/li><\/ul><\/figure>\n\n\n\n<div style=\"height:100px\" aria-hidden=\"true\" class=\"wp-block-spacer\"><\/div>\n\n\n\n<h2 class=\"wp-block-heading\">Spartiates<\/h2>\n\n\n\n<p>Seule \u00e9quipe hors de la r\u00e9gion Ile de France du championnat, les joueurs d&rsquo;Amiens voudront montrer que l&rsquo;on sait aussi jouer au football dans la Somme !<\/p>\n\n\n\n<div class=\"wp-block-image\"><figure class=\"aligncenter is-resized\"><img loading=\"lazy\" decoding=\"async\" src=\"http:\/\/l2fa.fr\/wp-content\/uploads\/2020\/01\/34366870_1879257965471354_1261626959364882432_o-1024x576.jpg\" alt=\"\" class=\"wp-image-1055\" width=\"512\" height=\"288\" srcset=\"https:\/\/l2fa.fr\/wp-content\/uploads\/2020\/01\/34366870_1879257965471354_1261626959364882432_o-1024x576.jpg 1024w, https:\/\/l2fa.fr\/wp-content\/uploads\/2020\/01\/34366870_1879257965471354_1261626959364882432_o-300x169.jpg 300w, https:\/\/l2fa.fr\/wp-content\/uploads\/2020\/01\/34366870_1879257965471354_1261626959364882432_o-768x432.jpg 768w, https:\/\/l2fa.fr\/wp-content\/uploads\/2020\/01\/34366870_1879257965471354_1261626959364882432_o-128x72.jpg 128w, https:\/\/l2fa.fr\/wp-content\/uploads\/2020\/01\/34366870_1879257965471354_1261626959364882432_o-32x18.jpg 32w, https:\/\/l2fa.fr\/wp-content\/uploads\/2020\/01\/34366870_1879257965471354_1261626959364882432_o.jpg 2048w\" sizes=\"(max-width: 512px) 100vw, 512px\" \/><figcaption>   Cr\u00e9dit Photo: Facebook Les Spartiates d&rsquo;Amiens <\/figcaption><\/figure><\/div>\n\n\n\n<div style=\"height:100px\" aria-hidden=\"true\" class=\"wp-block-spacer\"><\/div>\n\n\n\n<h2 class=\"wp-block-heading\">Templiers<\/h2>\n\n\n\n<p>On termine avec le club bas\u00e9 \u00e0 Elancourt dans les Yvelines, demi-finaliste pratiquement chaque ann\u00e9e du championnat U16, cette saison sera-t-elle la bonne pour acc\u00e9der \u00e0 une place en finale?<\/p>\n\n\n\n<div class=\"wp-block-image\"><figure class=\"aligncenter is-resized\"><img loading=\"lazy\" decoding=\"async\" src=\"http:\/\/l2fa.fr\/wp-content\/uploads\/2020\/01\/46618122474_da67d60ede_o-1024x683.jpg\" alt=\"\" class=\"wp-image-1052\" width=\"512\" height=\"342\" srcset=\"https:\/\/l2fa.fr\/wp-content\/uploads\/2020\/01\/46618122474_da67d60ede_o.jpg 1024w, https:\/\/l2fa.fr\/wp-content\/uploads\/2020\/01\/46618122474_da67d60ede_o-300x200.jpg 300w, https:\/\/l2fa.fr\/wp-content\/uploads\/2020\/01\/46618122474_da67d60ede_o-768x512.jpg 768w, https:\/\/l2fa.fr\/wp-content\/uploads\/2020\/01\/46618122474_da67d60ede_o-128x85.jpg 128w, https:\/\/l2fa.fr\/wp-content\/uploads\/2020\/01\/46618122474_da67d60ede_o-32x21.jpg 32w\" sizes=\"(max-width: 512px) 100vw, 512px\" \/><figcaption>   Cr\u00e9dit Photo: Facebook Les Templiers d&rsquo;Elancourt<\/figcaption><\/figure><\/div>\n\n\n\n<div style=\"height:100px\" aria-hidden=\"true\" class=\"wp-block-spacer\"><\/div>\n\n\n\n<h2 class=\"wp-block-heading\"> BONNE SAISON LA JEUNESSE ! <\/h2>\n","protected":false},"excerpt":{"rendered":"<p>Ce weekend d\u00e9bute le championnat pour les U16 franciliens ! Apr\u00e8s une \u00e9dition 2018\/2019 remport\u00e9e en Juin \u00e0 Rosny sous Bois par le Flash de La Courneuve face aux Molosses d&rsquo;Asni\u00e8res sur Seine, qui sera le nouveau champion francilien cette ann\u00e9e?Tour d&rsquo;horizon des forces en pr\u00e9sence.<\/p>\n","protected":false},"author":1,"featured_media":1068,"comment_status":"open","ping_status":"open","sticky":false,"template":"","format":"standard","meta":{"footnotes":""},"categories":[1],"tags":[],"yoast_head":"<!-- This site is optimized with the Yoast SEO plugin v20.1 - https:\/\/yoast.com\/wordpress\/plugins\/seo\/ -->\n<title>Les U16 entrent en jeu ! &mdash; LFFA<\/title>\n<meta name=\"description\" content=\"Site officiel de la Ligue Francilienne de Football Americain.\" \/>\n<meta name=\"robots\" content=\"index, follow, max-snippet:-1, max-image-preview:large, max-video-preview:-1\" \/>\n<link rel=\"canonical\" href=\"https:\/\/l2fa.fr\/index.php\/2020\/01\/14\/les-u16-entrent-en-jeu\/\" \/>\n<meta property=\"og:locale\" content=\"fr_FR\" \/>\n<meta property=\"og:type\" content=\"article\" \/>\n<meta property=\"og:title\" content=\"Les U16 entrent en jeu ! &mdash; LFFA\" \/>\n<meta property=\"og:description\" content=\"Site officiel de la Ligue Francilienne de Football Americain.\" \/>\n<meta property=\"og:url\" content=\"https:\/\/l2fa.fr\/index.php\/2020\/01\/14\/les-u16-entrent-en-jeu\/\" \/>\n<meta property=\"og:site_name\" content=\"LFFA\" \/>\n<meta property=\"article:publisher\" content=\"https:\/\/www.facebook.com\/ETR-LFFA-1671643706485112\/\" \/>\n<meta property=\"article:published_time\" content=\"2020-01-14T13:40:40+00:00\" \/>\n<meta property=\"article:modified_time\" content=\"2020-02-27T15:26:50+00:00\" \/>\n<meta property=\"og:image\" content=\"https:\/\/l2fa.fr\/wp-content\/uploads\/2020\/01\/Resized-20200114-135343.jpeg\" \/>\n\t<meta property=\"og:image:width\" content=\"756\" \/>\n\t<meta property=\"og:image:height\" content=\"1008\" \/>\n\t<meta property=\"og:image:type\" content=\"image\/jpeg\" \/>\n<meta name=\"author\" content=\"lffaadmin\" \/>\n<meta name=\"twitter:card\" content=\"summary_large_image\" \/>\n<meta name=\"twitter:label1\" content=\"\u00c9crit par\" \/>\n\t<meta name=\"twitter:data1\" content=\"lffaadmin\" \/>\n\t<meta name=\"twitter:label2\" content=\"Dur\u00e9e de lecture estim\u00e9e\" \/>\n\t<meta name=\"twitter:data2\" content=\"2 minutes\" \/>\n<script type=\"application\/ld+json\" class=\"yoast-schema-graph\">{\"@context\":\"https:\/\/schema.org\",\"@graph\":[{\"@type\":\"Article\",\"@id\":\"https:\/\/l2fa.fr\/index.php\/2020\/01\/14\/les-u16-entrent-en-jeu\/#article\",\"isPartOf\":{\"@id\":\"https:\/\/l2fa.fr\/index.php\/2020\/01\/14\/les-u16-entrent-en-jeu\/\"},\"author\":{\"name\":\"lffaadmin\",\"@id\":\"https:\/\/l2fa.fr\/#\/schema\/person\/ec7e6810623729a4a2d9e333938e8685\"},\"headline\":\"Les U16 entrent en jeu !\",\"datePublished\":\"2020-01-14T13:40:40+00:00\",\"dateModified\":\"2020-02-27T15:26:50+00:00\",\"mainEntityOfPage\":{\"@id\":\"https:\/\/l2fa.fr\/index.php\/2020\/01\/14\/les-u16-entrent-en-jeu\/\"},\"wordCount\":400,\"commentCount\":0,\"publisher\":{\"@id\":\"https:\/\/l2fa.fr\/#organization\"},\"inLanguage\":\"fr-FR\",\"potentialAction\":[{\"@type\":\"CommentAction\",\"name\":\"Comment\",\"target\":[\"https:\/\/l2fa.fr\/index.php\/2020\/01\/14\/les-u16-entrent-en-jeu\/#respond\"]}]},{\"@type\":\"WebPage\",\"@id\":\"https:\/\/l2fa.fr\/index.php\/2020\/01\/14\/les-u16-entrent-en-jeu\/\",\"url\":\"https:\/\/l2fa.fr\/index.php\/2020\/01\/14\/les-u16-entrent-en-jeu\/\",\"name\":\"Les U16 entrent en jeu ! &mdash; LFFA\",\"isPartOf\":{\"@id\":\"https:\/\/l2fa.fr\/#website\"},\"datePublished\":\"2020-01-14T13:40:40+00:00\",\"dateModified\":\"2020-02-27T15:26:50+00:00\",\"description\":\"Site officiel de la Ligue Francilienne de Football Americain.\",\"breadcrumb\":{\"@id\":\"https:\/\/l2fa.fr\/index.php\/2020\/01\/14\/les-u16-entrent-en-jeu\/#breadcrumb\"},\"inLanguage\":\"fr-FR\",\"potentialAction\":[{\"@type\":\"ReadAction\",\"target\":[\"https:\/\/l2fa.fr\/index.php\/2020\/01\/14\/les-u16-entrent-en-jeu\/\"]}]},{\"@type\":\"BreadcrumbList\",\"@id\":\"https:\/\/l2fa.fr\/index.php\/2020\/01\/14\/les-u16-entrent-en-jeu\/#breadcrumb\",\"itemListElement\":[{\"@type\":\"ListItem\",\"position\":1,\"name\":\"Accueil\",\"item\":\"https:\/\/l2fa.fr\/\"},{\"@type\":\"ListItem\",\"position\":2,\"name\":\"Les U16 entrent en jeu !\"}]},{\"@type\":\"WebSite\",\"@id\":\"https:\/\/l2fa.fr\/#website\",\"url\":\"https:\/\/l2fa.fr\/\",\"name\":\"LFFA\",\"description\":\"Site officiel de la Ligue Francilienne de Football Am\u00e9ricain, de Flag Football et de Cheerleading\",\"publisher\":{\"@id\":\"https:\/\/l2fa.fr\/#organization\"},\"potentialAction\":[{\"@type\":\"SearchAction\",\"target\":{\"@type\":\"EntryPoint\",\"urlTemplate\":\"https:\/\/l2fa.fr\/?s={search_term_string}\"},\"query-input\":\"required name=search_term_string\"}],\"inLanguage\":\"fr-FR\"},{\"@type\":\"Organization\",\"@id\":\"https:\/\/l2fa.fr\/#organization\",\"name\":\"l2fa\",\"url\":\"https:\/\/l2fa.fr\/\",\"logo\":{\"@type\":\"ImageObject\",\"inLanguage\":\"fr-FR\",\"@id\":\"https:\/\/l2fa.fr\/#\/schema\/logo\/image\/\",\"url\":\"http:\/\/l2fa.fr\/wp-content\/uploads\/2019\/05\/logo-LFFA_shadow-e1559319879386.png\",\"contentUrl\":\"http:\/\/l2fa.fr\/wp-content\/uploads\/2019\/05\/logo-LFFA_shadow-e1559319879386.png\",\"width\":500,\"height\":559,\"caption\":\"l2fa\"},\"image\":{\"@id\":\"https:\/\/l2fa.fr\/#\/schema\/logo\/image\/\"},\"sameAs\":[\"https:\/\/www.facebook.com\/ETR-LFFA-1671643706485112\/\"]},{\"@type\":\"Person\",\"@id\":\"https:\/\/l2fa.fr\/#\/schema\/person\/ec7e6810623729a4a2d9e333938e8685\",\"name\":\"lffaadmin\",\"image\":{\"@type\":\"ImageObject\",\"inLanguage\":\"fr-FR\",\"@id\":\"https:\/\/l2fa.fr\/#\/schema\/person\/image\/\",\"url\":\"https:\/\/secure.gravatar.com\/avatar\/bb6e0cb2b74ab796f19c41cd45f19c36?s=96&d=mm&r=g\",\"contentUrl\":\"https:\/\/secure.gravatar.com\/avatar\/bb6e0cb2b74ab796f19c41cd45f19c36?s=96&d=mm&r=g\",\"caption\":\"lffaadmin\"},\"url\":\"https:\/\/l2fa.fr\/index.php\/author\/lffaadmin\/\"}]}<\/script>\n<!-- \/ Yoast SEO plugin. -->","yoast_head_json":{"title":"Les U16 entrent en jeu ! &mdash; LFFA","description":"Site officiel de la Ligue Francilienne de Football Americain.","robots":{"index":"index","follow":"follow","max-snippet":"max-snippet:-1","max-image-preview":"max-image-preview:large","max-video-preview":"max-video-preview:-1"},"canonical":"https:\/\/l2fa.fr\/index.php\/2020\/01\/14\/les-u16-entrent-en-jeu\/","og_locale":"fr_FR","og_type":"article","og_title":"Les U16 entrent en jeu ! &mdash; LFFA","og_description":"Site officiel de la Ligue Francilienne de Football Americain.","og_url":"https:\/\/l2fa.fr\/index.php\/2020\/01\/14\/les-u16-entrent-en-jeu\/","og_site_name":"LFFA","article_publisher":"https:\/\/www.facebook.com\/ETR-LFFA-1671643706485112\/","article_published_time":"2020-01-14T13:40:40+00:00","article_modified_time":"2020-02-27T15:26:50+00:00","og_image":[{"width":756,"height":1008,"url":"https:\/\/l2fa.fr\/wp-content\/uploads\/2020\/01\/Resized-20200114-135343.jpeg","type":"image\/jpeg"}],"author":"lffaadmin","twitter_card":"summary_large_image","twitter_misc":{"\u00c9crit par":"lffaadmin","Dur\u00e9e de lecture estim\u00e9e":"2 minutes"},"schema":{"@context":"https:\/\/schema.org","@graph":[{"@type":"Article","@id":"https:\/\/l2fa.fr\/index.php\/2020\/01\/14\/les-u16-entrent-en-jeu\/#article","isPartOf":{"@id":"https:\/\/l2fa.fr\/index.php\/2020\/01\/14\/les-u16-entrent-en-jeu\/"},"author":{"name":"lffaadmin","@id":"https:\/\/l2fa.fr\/#\/schema\/person\/ec7e6810623729a4a2d9e333938e8685"},"headline":"Les U16 entrent en jeu !","datePublished":"2020-01-14T13:40:40+00:00","dateModified":"2020-02-27T15:26:50+00:00","mainEntityOfPage":{"@id":"https:\/\/l2fa.fr\/index.php\/2020\/01\/14\/les-u16-entrent-en-jeu\/"},"wordCount":400,"commentCount":0,"publisher":{"@id":"https:\/\/l2fa.fr\/#organization"},"inLanguage":"fr-FR","potentialAction":[{"@type":"CommentAction","name":"Comment","target":["https:\/\/l2fa.fr\/index.php\/2020\/01\/14\/les-u16-entrent-en-jeu\/#respond"]}]},{"@type":"WebPage","@id":"https:\/\/l2fa.fr\/index.php\/2020\/01\/14\/les-u16-entrent-en-jeu\/","url":"https:\/\/l2fa.fr\/index.php\/2020\/01\/14\/les-u16-entrent-en-jeu\/","name":"Les U16 entrent en jeu ! &mdash; LFFA","isPartOf":{"@id":"https:\/\/l2fa.fr\/#website"},"datePublished":"2020-01-14T13:40:40+00:00","dateModified":"2020-02-27T15:26:50+00:00","description":"Site officiel de la Ligue Francilienne de Football Americain.","breadcrumb":{"@id":"https:\/\/l2fa.fr\/index.php\/2020\/01\/14\/les-u16-entrent-en-jeu\/#breadcrumb"},"inLanguage":"fr-FR","potentialAction":[{"@type":"ReadAction","target":["https:\/\/l2fa.fr\/index.php\/2020\/01\/14\/les-u16-entrent-en-jeu\/"]}]},{"@type":"BreadcrumbList","@id":"https:\/\/l2fa.fr\/index.php\/2020\/01\/14\/les-u16-entrent-en-jeu\/#breadcrumb","itemListElement":[{"@type":"ListItem","position":1,"name":"Accueil","item":"https:\/\/l2fa.fr\/"},{"@type":"ListItem","position":2,"name":"Les U16 entrent en jeu !"}]},{"@type":"WebSite","@id":"https:\/\/l2fa.fr\/#website","url":"https:\/\/l2fa.fr\/","name":"LFFA","description":"Site officiel de la Ligue Francilienne de Football Am\u00e9ricain, de Flag Football et de Cheerleading","publisher":{"@id":"https:\/\/l2fa.fr\/#organization"},"potentialAction":[{"@type":"SearchAction","target":{"@type":"EntryPoint","urlTemplate":"https:\/\/l2fa.fr\/?s={search_term_string}"},"query-input":"required name=search_term_string"}],"inLanguage":"fr-FR"},{"@type":"Organization","@id":"https:\/\/l2fa.fr\/#organization","name":"l2fa","url":"https:\/\/l2fa.fr\/","logo":{"@type":"ImageObject","inLanguage":"fr-FR","@id":"https:\/\/l2fa.fr\/#\/schema\/logo\/image\/","url":"http:\/\/l2fa.fr\/wp-content\/uploads\/2019\/05\/logo-LFFA_shadow-e1559319879386.png","contentUrl":"http:\/\/l2fa.fr\/wp-content\/uploads\/2019\/05\/logo-LFFA_shadow-e1559319879386.png","width":500,"height":559,"caption":"l2fa"},"image":{"@id":"https:\/\/l2fa.fr\/#\/schema\/logo\/image\/"},"sameAs":["https:\/\/www.facebook.com\/ETR-LFFA-1671643706485112\/"]},{"@type":"Person","@id":"https:\/\/l2fa.fr\/#\/schema\/person\/ec7e6810623729a4a2d9e333938e8685","name":"lffaadmin","image":{"@type":"ImageObject","inLanguage":"fr-FR","@id":"https:\/\/l2fa.fr\/#\/schema\/person\/image\/","url":"https:\/\/secure.gravatar.com\/avatar\/bb6e0cb2b74ab796f19c41cd45f19c36?s=96&d=mm&r=g","contentUrl":"https:\/\/secure.gravatar.com\/avatar\/bb6e0cb2b74ab796f19c41cd45f19c36?s=96&d=mm&r=g","caption":"lffaadmin"},"url":"https:\/\/l2fa.fr\/index.php\/author\/lffaadmin\/"}]}},"_links":{"self":[{"href":"https:\/\/l2fa.fr\/index.php\/wp-json\/wp\/v2\/posts\/1044"}],"collection":[{"href":"https:\/\/l2fa.fr\/index.php\/wp-json\/wp\/v2\/posts"}],"about":[{"href":"https:\/\/l2fa.fr\/index.php\/wp-json\/wp\/v2\/types\/post"}],"author":[{"embeddable":true,"href":"https:\/\/l2fa.fr\/index.php\/wp-json\/wp\/v2\/users\/1"}],"replies":[{"embeddable":true,"href":"https:\/\/l2fa.fr\/index.php\/wp-json\/wp\/v2\/comments?post=1044"}],"version-history":[{"count":16,"href":"https:\/\/l2fa.fr\/index.php\/wp-json\/wp\/v2\/posts\/1044\/revisions"}],"predecessor-version":[{"id":1331,"href":"https:\/\/l2fa.fr\/index.php\/wp-json\/wp\/v2\/posts\/1044\/revisions\/1331"}],"wp:featuredmedia":[{"embeddable":true,"href":"https:\/\/l2fa.fr\/index.php\/wp-json\/wp\/v2\/media\/1068"}],"wp:attachment":[{"href":"https:\/\/l2fa.fr\/index.php\/wp-json\/wp\/v2\/media?parent=1044"}],"wp:term":[{"taxonomy":"category","embeddable":true,"href":"https:\/\/l2fa.fr\/index.php\/wp-json\/wp\/v2\/categories?post=1044"},{"taxonomy":"post_tag","embeddable":true,"href":"https:\/\/l2fa.fr\/index.php\/wp-json\/wp\/v2\/tags?post=1044"}],"curies":[{"name":"wp","href":"https:\/\/api.w.org\/{rel}","templated":true}]}}