{"id":1019,"date":"2019-12-20T12:58:21","date_gmt":"2019-12-20T11:58:21","guid":{"rendered":"http:\/\/l2fa.fr\/?p=1019"},"modified":"2020-02-27T16:21:02","modified_gmt":"2020-02-27T15:21:02","slug":"flag-avec-un-f-comme-futur","status":"publish","type":"post","link":"https:\/\/l2fa.fr\/index.php\/2019\/12\/20\/flag-avec-un-f-comme-futur\/","title":{"rendered":"Flag avec un F comme Futur !"},"content":{"rendered":"\n<p> <strong>Projet de cr\u00e9ation d&rsquo;un collectif d&rsquo;Ile-de-France Masculine et F\u00e9minine de Flag Football (+16) <\/strong><\/p>\n\n\n\n<!--more-->\n\n\n\n<p> Le Flag Football est un d\u00e9riv\u00e9 de la pratique qu&rsquo;est le Football Am\u00e9ricain. En effet il est reconnu comme discipline formatrice des joueurs du plus haut niveau de notre pratique, mais aussi comme sport \u00e0 part enti\u00e8re. Ce sport se caract\u00e9rise par sa mixit\u00e9 ainsi que par son accessibilit\u00e9 et donne lieu \u00e0 des comp\u00e9titions nationales et internationales sur les six continents, qui ne cessent de prendre de l&rsquo;ampleur. <br><br>La LFFA se distingue par son r\u00f4le dans le d\u00e9veloppement du football am\u00e9ricain au travers de l&rsquo;encadrement d&rsquo;\u00e9quipes \u00d916 ainsi que U19. Afin de participer au d\u00e9veloppement des missions de la Ligue Francilienne de Football Am\u00e9ricain, le projet soumis, \u00e0 pour but l&rsquo;institutionnalisation d&rsquo;une Equipe Technique R\u00e9gionale Flag. Cet ETR Flag tachera de former un collectif Ile-de-France, bas\u00e9 sur le model de fonctionnement des \u00e9quipes de football am\u00e9ricain de la LFFA d\u00e9j\u00e0 existantes. <br><br>La construction d&rsquo;un collectif senior flag (+16) Ile-de-France serait la r\u00e9sultante de rassemblements sur la r\u00e9gion francilienne permettant la conception de deux \u00e9quipes, l&rsquo;une masculine l&rsquo;autre f\u00e9minine \u00e9ventuellement en somme une \u00e9quipe mixte. <br>La volont\u00e9 derri\u00e8re la cr\u00e9ation de cette \u00e9quipe technique r\u00e9gionale de flag, se veut de proposer un cadre sportif p\u00e9dagogue ouvert aux joueurs\/joueuses, aux entraineur, d\u00e9butant ou non, souhaitant se perfectionner dans la discipline du flag football, pour in fine participer au d\u00e9veloppement de la pratique sur l&rsquo;hexagone. <br><br>L&rsquo;objectif sur le long terme serait de pouvoir p\u00e9renniser ce collectif IDF puis de proposer des rencontres inter-ligues qui pourront servir de support \u00e0 la formation de nos arbitres. Il est imp\u00e9ratif d&rsquo;intensifier nos actions sur le territoire fran\u00e7ais qui seront synonymes de la prosp\u00e9rit\u00e9 de notre sport, actions qui nous ont valu d&rsquo;\u00eatre reconnu plus d&rsquo;une fois \u00e0 l&rsquo;\u00e9chelle europ\u00e9enne. <br><\/p>\n\n\n\n<p class=\"has-text-align-center\"><strong>ETR FLAG<\/strong><\/p>\n\n\n\n<figure class=\"wp-block-table\"><table class=\"\"><tbody><tr><td> Nombre de joueurs\/joueuses (2 \u00e9quipes) <\/td><td> 12 ( Total 24 ) <\/td><\/tr><tr><td> Nombre d&rsquo;entraineurs <\/td><td>3 \u00e0 5<\/td><\/tr><tr><td> Personnel para m\u00e9dical <\/td><td> Kin\u00e9sith\u00e9rapeute <\/td><\/tr><tr><td> Rassemblements <\/td><td> plusieurs journ\u00e9es compl\u00e8tes le week-end <\/td><\/tr><\/tbody><\/table><\/figure>\n\n\n\n<figure class=\"wp-block-image\"><img loading=\"lazy\" decoding=\"async\" width=\"1024\" height=\"683\" src=\"http:\/\/l2fa.fr\/wp-content\/uploads\/2019\/12\/flagamazone-idf-1024x683.jpg\" alt=\"\" class=\"wp-image-1023\" srcset=\"https:\/\/l2fa.fr\/wp-content\/uploads\/2019\/12\/flagamazone-idf-1024x683.jpg 1024w, https:\/\/l2fa.fr\/wp-content\/uploads\/2019\/12\/flagamazone-idf-300x200.jpg 300w, https:\/\/l2fa.fr\/wp-content\/uploads\/2019\/12\/flagamazone-idf-768x512.jpg 768w, https:\/\/l2fa.fr\/wp-content\/uploads\/2019\/12\/flagamazone-idf-128x85.jpg 128w, https:\/\/l2fa.fr\/wp-content\/uploads\/2019\/12\/flagamazone-idf-32x21.jpg 32w\" sizes=\"(max-width: 1024px) 100vw, 1024px\" \/><\/figure>\n","protected":false},"excerpt":{"rendered":"<p>Projet de cr\u00e9ation d&rsquo;un collectif d&rsquo;Ile-de-France Masculine et F\u00e9minine de Flag Football (+16)<\/p>\n","protected":false},"author":1,"featured_media":1022,"comment_status":"open","ping_status":"open","sticky":false,"template":"","format":"standard","meta":{"footnotes":""},"categories":[1],"tags":[],"yoast_head":"<!-- This site is optimized with the Yoast SEO plugin v20.1 - https:\/\/yoast.com\/wordpress\/plugins\/seo\/ -->\n<title>Flag avec un F comme Futur ! &mdash; LFFA<\/title>\n<meta name=\"description\" content=\"Site officiel de la Ligue Francilienne de Football Americain.\" \/>\n<meta name=\"robots\" content=\"index, follow, max-snippet:-1, max-image-preview:large, max-video-preview:-1\" \/>\n<link rel=\"canonical\" href=\"http:\/\/l2fa.fr\/index.php\/2019\/12\/20\/flag-avec-un-f-comme-futur\/\" \/>\n<meta property=\"og:locale\" content=\"fr_FR\" \/>\n<meta property=\"og:type\" content=\"article\" \/>\n<meta property=\"og:title\" content=\"Flag avec un F comme Futur ! &mdash; LFFA\" \/>\n<meta property=\"og:description\" content=\"Site officiel de la Ligue Francilienne de Football Americain.\" \/>\n<meta property=\"og:url\" content=\"http:\/\/l2fa.fr\/index.php\/2019\/12\/20\/flag-avec-un-f-comme-futur\/\" \/>\n<meta property=\"og:site_name\" content=\"LFFA\" \/>\n<meta property=\"article:publisher\" content=\"https:\/\/www.facebook.com\/ETR-LFFA-1671643706485112\/\" \/>\n<meta property=\"article:published_time\" content=\"2019-12-20T11:58:21+00:00\" \/>\n<meta property=\"article:modified_time\" content=\"2020-02-27T15:21:02+00:00\" \/>\n<meta property=\"og:image\" content=\"http:\/\/l2fa.fr\/wp-content\/uploads\/2019\/12\/idf-filles-2015.jpg\" \/>\n\t<meta property=\"og:image:width\" content=\"2048\" \/>\n\t<meta property=\"og:image:height\" content=\"1365\" \/>\n\t<meta property=\"og:image:type\" content=\"image\/jpeg\" \/>\n<meta name=\"author\" content=\"lffaadmin\" \/>\n<meta name=\"twitter:card\" content=\"summary_large_image\" \/>\n<meta name=\"twitter:label1\" content=\"\u00c9crit par\" \/>\n\t<meta name=\"twitter:data1\" content=\"lffaadmin\" \/>\n\t<meta name=\"twitter:label2\" content=\"Dur\u00e9e de lecture estim\u00e9e\" \/>\n\t<meta name=\"twitter:data2\" content=\"2 minutes\" \/>\n<script type=\"application\/ld+json\" class=\"yoast-schema-graph\">{\"@context\":\"https:\/\/schema.org\",\"@graph\":[{\"@type\":\"Article\",\"@id\":\"http:\/\/l2fa.fr\/index.php\/2019\/12\/20\/flag-avec-un-f-comme-futur\/#article\",\"isPartOf\":{\"@id\":\"http:\/\/l2fa.fr\/index.php\/2019\/12\/20\/flag-avec-un-f-comme-futur\/\"},\"author\":{\"name\":\"lffaadmin\",\"@id\":\"https:\/\/l2fa.fr\/#\/schema\/person\/ec7e6810623729a4a2d9e333938e8685\"},\"headline\":\"Flag avec un F comme Futur !\",\"datePublished\":\"2019-12-20T11:58:21+00:00\",\"dateModified\":\"2020-02-27T15:21:02+00:00\",\"mainEntityOfPage\":{\"@id\":\"http:\/\/l2fa.fr\/index.php\/2019\/12\/20\/flag-avec-un-f-comme-futur\/\"},\"wordCount\":353,\"commentCount\":0,\"publisher\":{\"@id\":\"https:\/\/l2fa.fr\/#organization\"},\"inLanguage\":\"fr-FR\",\"potentialAction\":[{\"@type\":\"CommentAction\",\"name\":\"Comment\",\"target\":[\"http:\/\/l2fa.fr\/index.php\/2019\/12\/20\/flag-avec-un-f-comme-futur\/#respond\"]}]},{\"@type\":\"WebPage\",\"@id\":\"http:\/\/l2fa.fr\/index.php\/2019\/12\/20\/flag-avec-un-f-comme-futur\/\",\"url\":\"http:\/\/l2fa.fr\/index.php\/2019\/12\/20\/flag-avec-un-f-comme-futur\/\",\"name\":\"Flag avec un F comme Futur ! &mdash; LFFA\",\"isPartOf\":{\"@id\":\"https:\/\/l2fa.fr\/#website\"},\"datePublished\":\"2019-12-20T11:58:21+00:00\",\"dateModified\":\"2020-02-27T15:21:02+00:00\",\"description\":\"Site officiel de la Ligue Francilienne de Football Americain.\",\"breadcrumb\":{\"@id\":\"http:\/\/l2fa.fr\/index.php\/2019\/12\/20\/flag-avec-un-f-comme-futur\/#breadcrumb\"},\"inLanguage\":\"fr-FR\",\"potentialAction\":[{\"@type\":\"ReadAction\",\"target\":[\"http:\/\/l2fa.fr\/index.php\/2019\/12\/20\/flag-avec-un-f-comme-futur\/\"]}]},{\"@type\":\"BreadcrumbList\",\"@id\":\"http:\/\/l2fa.fr\/index.php\/2019\/12\/20\/flag-avec-un-f-comme-futur\/#breadcrumb\",\"itemListElement\":[{\"@type\":\"ListItem\",\"position\":1,\"name\":\"Accueil\",\"item\":\"https:\/\/l2fa.fr\/\"},{\"@type\":\"ListItem\",\"position\":2,\"name\":\"Flag avec un F comme Futur !\"}]},{\"@type\":\"WebSite\",\"@id\":\"https:\/\/l2fa.fr\/#website\",\"url\":\"https:\/\/l2fa.fr\/\",\"name\":\"LFFA\",\"description\":\"Site officiel de la Ligue Francilienne de Football Am\u00e9ricain, de Flag Football et de Cheerleading\",\"publisher\":{\"@id\":\"https:\/\/l2fa.fr\/#organization\"},\"potentialAction\":[{\"@type\":\"SearchAction\",\"target\":{\"@type\":\"EntryPoint\",\"urlTemplate\":\"https:\/\/l2fa.fr\/?s={search_term_string}\"},\"query-input\":\"required name=search_term_string\"}],\"inLanguage\":\"fr-FR\"},{\"@type\":\"Organization\",\"@id\":\"https:\/\/l2fa.fr\/#organization\",\"name\":\"l2fa\",\"url\":\"https:\/\/l2fa.fr\/\",\"logo\":{\"@type\":\"ImageObject\",\"inLanguage\":\"fr-FR\",\"@id\":\"https:\/\/l2fa.fr\/#\/schema\/logo\/image\/\",\"url\":\"http:\/\/l2fa.fr\/wp-content\/uploads\/2019\/05\/logo-LFFA_shadow-e1559319879386.png\",\"contentUrl\":\"http:\/\/l2fa.fr\/wp-content\/uploads\/2019\/05\/logo-LFFA_shadow-e1559319879386.png\",\"width\":500,\"height\":559,\"caption\":\"l2fa\"},\"image\":{\"@id\":\"https:\/\/l2fa.fr\/#\/schema\/logo\/image\/\"},\"sameAs\":[\"https:\/\/www.facebook.com\/ETR-LFFA-1671643706485112\/\"]},{\"@type\":\"Person\",\"@id\":\"https:\/\/l2fa.fr\/#\/schema\/person\/ec7e6810623729a4a2d9e333938e8685\",\"name\":\"lffaadmin\",\"image\":{\"@type\":\"ImageObject\",\"inLanguage\":\"fr-FR\",\"@id\":\"https:\/\/l2fa.fr\/#\/schema\/person\/image\/\",\"url\":\"https:\/\/secure.gravatar.com\/avatar\/bb6e0cb2b74ab796f19c41cd45f19c36?s=96&d=mm&r=g\",\"contentUrl\":\"https:\/\/secure.gravatar.com\/avatar\/bb6e0cb2b74ab796f19c41cd45f19c36?s=96&d=mm&r=g\",\"caption\":\"lffaadmin\"},\"url\":\"https:\/\/l2fa.fr\/index.php\/author\/lffaadmin\/\"}]}<\/script>\n<!-- \/ Yoast SEO plugin. -->","yoast_head_json":{"title":"Flag avec un F comme Futur ! &mdash; LFFA","description":"Site officiel de la Ligue Francilienne de Football Americain.","robots":{"index":"index","follow":"follow","max-snippet":"max-snippet:-1","max-image-preview":"max-image-preview:large","max-video-preview":"max-video-preview:-1"},"canonical":"http:\/\/l2fa.fr\/index.php\/2019\/12\/20\/flag-avec-un-f-comme-futur\/","og_locale":"fr_FR","og_type":"article","og_title":"Flag avec un F comme Futur ! &mdash; LFFA","og_description":"Site officiel de la Ligue Francilienne de Football Americain.","og_url":"http:\/\/l2fa.fr\/index.php\/2019\/12\/20\/flag-avec-un-f-comme-futur\/","og_site_name":"LFFA","article_publisher":"https:\/\/www.facebook.com\/ETR-LFFA-1671643706485112\/","article_published_time":"2019-12-20T11:58:21+00:00","article_modified_time":"2020-02-27T15:21:02+00:00","og_image":[{"width":2048,"height":1365,"url":"http:\/\/l2fa.fr\/wp-content\/uploads\/2019\/12\/idf-filles-2015.jpg","type":"image\/jpeg"}],"author":"lffaadmin","twitter_card":"summary_large_image","twitter_misc":{"\u00c9crit par":"lffaadmin","Dur\u00e9e de lecture estim\u00e9e":"2 minutes"},"schema":{"@context":"https:\/\/schema.org","@graph":[{"@type":"Article","@id":"http:\/\/l2fa.fr\/index.php\/2019\/12\/20\/flag-avec-un-f-comme-futur\/#article","isPartOf":{"@id":"http:\/\/l2fa.fr\/index.php\/2019\/12\/20\/flag-avec-un-f-comme-futur\/"},"author":{"name":"lffaadmin","@id":"https:\/\/l2fa.fr\/#\/schema\/person\/ec7e6810623729a4a2d9e333938e8685"},"headline":"Flag avec un F comme Futur !","datePublished":"2019-12-20T11:58:21+00:00","dateModified":"2020-02-27T15:21:02+00:00","mainEntityOfPage":{"@id":"http:\/\/l2fa.fr\/index.php\/2019\/12\/20\/flag-avec-un-f-comme-futur\/"},"wordCount":353,"commentCount":0,"publisher":{"@id":"https:\/\/l2fa.fr\/#organization"},"inLanguage":"fr-FR","potentialAction":[{"@type":"CommentAction","name":"Comment","target":["http:\/\/l2fa.fr\/index.php\/2019\/12\/20\/flag-avec-un-f-comme-futur\/#respond"]}]},{"@type":"WebPage","@id":"http:\/\/l2fa.fr\/index.php\/2019\/12\/20\/flag-avec-un-f-comme-futur\/","url":"http:\/\/l2fa.fr\/index.php\/2019\/12\/20\/flag-avec-un-f-comme-futur\/","name":"Flag avec un F comme Futur ! &mdash; LFFA","isPartOf":{"@id":"https:\/\/l2fa.fr\/#website"},"datePublished":"2019-12-20T11:58:21+00:00","dateModified":"2020-02-27T15:21:02+00:00","description":"Site officiel de la Ligue Francilienne de Football Americain.","breadcrumb":{"@id":"http:\/\/l2fa.fr\/index.php\/2019\/12\/20\/flag-avec-un-f-comme-futur\/#breadcrumb"},"inLanguage":"fr-FR","potentialAction":[{"@type":"ReadAction","target":["http:\/\/l2fa.fr\/index.php\/2019\/12\/20\/flag-avec-un-f-comme-futur\/"]}]},{"@type":"BreadcrumbList","@id":"http:\/\/l2fa.fr\/index.php\/2019\/12\/20\/flag-avec-un-f-comme-futur\/#breadcrumb","itemListElement":[{"@type":"ListItem","position":1,"name":"Accueil","item":"https:\/\/l2fa.fr\/"},{"@type":"ListItem","position":2,"name":"Flag avec un F comme Futur !"}]},{"@type":"WebSite","@id":"https:\/\/l2fa.fr\/#website","url":"https:\/\/l2fa.fr\/","name":"LFFA","description":"Site officiel de la Ligue Francilienne de Football Am\u00e9ricain, de Flag Football et de Cheerleading","publisher":{"@id":"https:\/\/l2fa.fr\/#organization"},"potentialAction":[{"@type":"SearchAction","target":{"@type":"EntryPoint","urlTemplate":"https:\/\/l2fa.fr\/?s={search_term_string}"},"query-input":"required name=search_term_string"}],"inLanguage":"fr-FR"},{"@type":"Organization","@id":"https:\/\/l2fa.fr\/#organization","name":"l2fa","url":"https:\/\/l2fa.fr\/","logo":{"@type":"ImageObject","inLanguage":"fr-FR","@id":"https:\/\/l2fa.fr\/#\/schema\/logo\/image\/","url":"http:\/\/l2fa.fr\/wp-content\/uploads\/2019\/05\/logo-LFFA_shadow-e1559319879386.png","contentUrl":"http:\/\/l2fa.fr\/wp-content\/uploads\/2019\/05\/logo-LFFA_shadow-e1559319879386.png","width":500,"height":559,"caption":"l2fa"},"image":{"@id":"https:\/\/l2fa.fr\/#\/schema\/logo\/image\/"},"sameAs":["https:\/\/www.facebook.com\/ETR-LFFA-1671643706485112\/"]},{"@type":"Person","@id":"https:\/\/l2fa.fr\/#\/schema\/person\/ec7e6810623729a4a2d9e333938e8685","name":"lffaadmin","image":{"@type":"ImageObject","inLanguage":"fr-FR","@id":"https:\/\/l2fa.fr\/#\/schema\/person\/image\/","url":"https:\/\/secure.gravatar.com\/avatar\/bb6e0cb2b74ab796f19c41cd45f19c36?s=96&d=mm&r=g","contentUrl":"https:\/\/secure.gravatar.com\/avatar\/bb6e0cb2b74ab796f19c41cd45f19c36?s=96&d=mm&r=g","caption":"lffaadmin"},"url":"https:\/\/l2fa.fr\/index.php\/author\/lffaadmin\/"}]}},"_links":{"self":[{"href":"https:\/\/l2fa.fr\/index.php\/wp-json\/wp\/v2\/posts\/1019"}],"collection":[{"href":"https:\/\/l2fa.fr\/index.php\/wp-json\/wp\/v2\/posts"}],"about":[{"href":"https:\/\/l2fa.fr\/index.php\/wp-json\/wp\/v2\/types\/post"}],"author":[{"embeddable":true,"href":"https:\/\/l2fa.fr\/index.php\/wp-json\/wp\/v2\/users\/1"}],"replies":[{"embeddable":true,"href":"https:\/\/l2fa.fr\/index.php\/wp-json\/wp\/v2\/comments?post=1019"}],"version-history":[{"count":7,"href":"https:\/\/l2fa.fr\/index.php\/wp-json\/wp\/v2\/posts\/1019\/revisions"}],"predecessor-version":[{"id":1322,"href":"https:\/\/l2fa.fr\/index.php\/wp-json\/wp\/v2\/posts\/1019\/revisions\/1322"}],"wp:featuredmedia":[{"embeddable":true,"href":"https:\/\/l2fa.fr\/index.php\/wp-json\/wp\/v2\/media\/1022"}],"wp:attachment":[{"href":"https:\/\/l2fa.fr\/index.php\/wp-json\/wp\/v2\/media?parent=1019"}],"wp:term":[{"taxonomy":"category","embeddable":true,"href":"https:\/\/l2fa.fr\/index.php\/wp-json\/wp\/v2\/categories?post=1019"},{"taxonomy":"post_tag","embeddable":true,"href":"https:\/\/l2fa.fr\/index.php\/wp-json\/wp\/v2\/tags?post=1019"}],"curies":[{"name":"wp","href":"https:\/\/api.w.org\/{rel}","templated":true}]}}